{"id":1232,"date":"2018-11-29T14:37:50","date_gmt":"2018-11-29T13:37:50","guid":{"rendered":"https:\/\/histologie.univ-nantes.fr\/?p=1232"},"modified":"2018-11-29T15:36:57","modified_gmt":"2018-11-29T14:36:57","slug":"rappels-danatomie-et-de-physiologie-lappareil-respiratoire","status":"publish","type":"post","link":"https:\/\/histologie.univ-nantes.fr\/?p=1232","title":{"rendered":"Rappels d&#8217;anatomie et de physiologie &#8211; L\u2019appareil respiratoire"},"content":{"rendered":"<h2><span style=\"color: #800080;\"><b>L&#8217;appareil\u00a0<\/b><\/span><span style=\"color: #800080;\"><span style=\"caret-color: #800080;\">respiratoire :<\/span><\/span><\/h2>\n<div class=\"su-row\"><div class=\"su-column su-column-size-1-2\"><div class=\"su-column-inner su-u-clearfix su-u-trim\">\n<p><span class=\"Apple-converted-space\">\u00a0<\/span>L\u2019appareil respiratoire comprend :<span class=\"Apple-converted-space\">\u00a0<\/span><\/p>\n<p>&#8211; les voies respiratoires sup\u00e9rieures avec le nez, le pharynx et les structures associ\u00e9es.<span class=\"Apple-converted-space\">\u00a0<\/span><\/p>\n<p>&#8211; les voies respiratoires inf\u00e9rieures avec le larynx, la trach\u00e9e, les bronches et les poumons.<span class=\"Apple-converted-space\">\u00a0<\/span><\/p>\n<\/div><\/div>\n<div class=\"su-column su-column-size-1-2\"><div class=\"su-column-inner su-u-clearfix su-u-trim\">\n<p><a href=\"https:\/\/histologie.univ-nantes.fr\/wp-content\/uploads\/2018\/11\/Graph.jpg\"><img decoding=\"async\" loading=\"lazy\" class=\"alignnone size-full wp-image-1231\" src=\"https:\/\/histologie.univ-nantes.fr\/wp-content\/uploads\/2018\/11\/Graph.jpg\" alt=\"\" width=\"800\" height=\"758\" srcset=\"https:\/\/histologie.univ-nantes.fr\/wp-content\/uploads\/2018\/11\/Graph.jpg 800w, https:\/\/histologie.univ-nantes.fr\/wp-content\/uploads\/2018\/11\/Graph-300x284.jpg 300w, https:\/\/histologie.univ-nantes.fr\/wp-content\/uploads\/2018\/11\/Graph-768x728.jpg 768w\" sizes=\"(max-width: 800px) 100vw, 800px\" \/><\/a><\/p>\n<\/div><\/div><\/div>\n<p><span class=\"Apple-converted-space\">\u00a0<\/span><b>1- les voies respiratoires sup\u00e9rieures <\/b>avec le nez, le pharynx et les structures associ\u00e9es.<span class=\"Apple-converted-space\">\u00a0<\/span><\/p>\n<p>&#8211; Le nez comprend une partie externe avec deux narines qui communiquent avec l\u2019ext\u00e9rieur et une partie interne log\u00e9e dans le cr\u00e2ne au dessus de la bouche. Elle communique ant\u00e9rieurement avec la partie externe et post\u00e9rieurement avec le pharynx par les choanes (narine internes).<span class=\"Apple-converted-space\">\u00a0<\/span><\/p>\n<p>&#8211; Le pharynx s\u2019\u00e9tend des choanes jusqu\u2019\u00e0 la partie inf\u00e9rieure du larynx. Il est situ\u00e9 en arri\u00e8re des cavit\u00e9s nasales, de la cavit\u00e9 buccale et du larynx.<span class=\"Apple-converted-space\">\u00a0<\/span><\/p>\n<p><b>2 &#8211; Les voies respiratoires inf\u00e9rieures <\/b>avec le larynx, la trach\u00e9e, les bronches et les poumons.<span class=\"Apple-converted-space\">\u00a0<\/span><\/p>\n<p>&#8211; Le larynx relie le pharynx \u00e0 la trach\u00e9e. Il est soutenu par des pi\u00e8ces cartilagineuses.<span class=\"Apple-converted-space\">\u00a0<\/span><\/p>\n<p>&#8211; La trach\u00e9e est situ\u00e9e devant l\u2019oesophage. Elle s\u2019\u00e9tend du larynx \u00e0 la cinqui\u00e8me vert\u00e8bre thoracique o\u00f9 elle se divise en deux bronches souches. La trach\u00e9e est le principal segment extra-pulmonaire de l&#8217;appareil respiratoire. C&#8217;est un conduit cylindrique, aplati en arri\u00e8re, o\u00f9 le cartilage fait d\u00e9faut. Les pi\u00e8ces cartilagineuses sont empil\u00e9es les unes sur les autres et s\u00e9par\u00e9es par un tissu conjonctif tr\u00e8s glandulaire.<span class=\"Apple-converted-space\">\u00a0<\/span><\/p>\n<p>&#8211; La bronche souche droite, plus verticale que la gauche va vers le poumon droit. Elle se divise en trois bronches lobaires dans chacun des trois lobes pulmonaires. La bronche gauche va vers le poumon gauche et se divise en deux bronches lobaires dans les deux lobes pulmonaires.<span class=\"Apple-converted-space\">\u00a0<\/span><\/p>\n<p>&#8211; Les bronches lobaires se divisent en bronches segmentaires. Il y a 10 bronches segmentaires par poumon qui se divisent en un grand nombre de bronches inter lobulaires. En p\u00e9n\u00e9trant dans les lobules elles se transforment en bronchioles proprement dites, terminales et enfin respiratoires.<span class=\"Apple-converted-space\">\u00a0<\/span><\/p>\n<p>&#8211; Les poumons sont des organes pairs situ\u00e9s dans la cavit\u00e9 thoracique. Ils sont divis\u00e9s en lobes par des scissures. Les lobes sont divis\u00e9s en segments qui comprennent de tr\u00e8s nombreux lobules.<span class=\"Apple-converted-space\">\u00a0<\/span><\/p>\n<p>&#8211; Deux feuillets ou membranes pleurales prot\u00e8gent les poumons : la pl\u00e8vre pari\u00e9tale plaqu\u00e9e contre la paroi thoracique et la pl\u00e8vre visc\u00e9rale plaqu\u00e9e contre les poumons eux-m\u00eames. Entre les deux feuillets, une cavit\u00e9 pleurale contenant un liquide lubrifiant permet le glissement de l\u2019un sur l\u2019autre au cours de la respiration.<span class=\"Apple-converted-space\">\u00a0<\/span><\/p>\n<p>&nbsp;<\/p>\n<p><strong>QUELQUES NOTIONS PHYSIOLOGIQUES ESSENTIELLES<\/strong><\/p>\n<p>Le r\u00f4le essentiel de l\u2019appareil respiratoire est d\u2019assurer la respiration, c\u2019est \u00e0 dire d\u2019amener l\u2019O2 aux cellules de l\u2019organisme et d\u2019\u00e9vacuer le CO2 produit au cours des activit\u00e9s cellulaires.<span class=\"Apple-converted-space\">\u00a0<\/span><\/p>\n<p>L\u2019appareil respiratoire comprend :<span class=\"Apple-converted-space\">\u00a0<\/span><\/p>\n<p>&#8211; une zone conductrice qui conduit l\u2019air dans les poumons (nez, pharynx, larynx, bronches et bronchioles)<span class=\"Apple-converted-space\">\u00a0<\/span><\/p>\n<p>&#8211; une zone respiratoire o\u00f9 s\u2019effectuent les \u00e9changes gazeux (canaux alv\u00e9olaires et alv\u00e9oles)<span class=\"Apple-converted-space\">\u00a0<\/span><\/p>\n<p>La respiration se traduit par la mise en oeuvre de trois processus.<span class=\"Apple-converted-space\">\u00a0<\/span><\/p>\n<p>1 &#8211; La ventilation pulmonaire. L\u2019air vient dans les poumons lorsque la pression y est inf\u00e9rieure \u00e0 celle de l\u2019air atmosph\u00e9rique. C\u2019est ce qui se produit \u00e0 l\u2019inspiration avec l\u2019augmentation de volume des poumons. L\u2019air sort des poumons lorsque la pression y est sup\u00e9rieure \u00e0 celle de l\u2019air atmosph\u00e9rique. C\u2019est ce qui se produit \u00e0 l\u2019expiration avec la diminution de volume des poumons.<span class=\"Apple-converted-space\">\u00a0<\/span><\/p>\n<p>2 &#8211; La respiration externe (pulmonaire) est l\u2019\u00e9change d\u2019O2 et de CO2 entre les <b>alv\u00e9oles <\/b>et les <b>capillaires sanguins pulmonaires<\/b>. Elle entra\u00eene la conversion du sang d\u00e9soxyg\u00e9n\u00e9 (pauvre en O2) en provenance du coeur en sang oxyg\u00e9n\u00e9 (riche en O2) retournant au coeur. Ce processus a lieu \u00e0 l\u2019inspiration en raison de la pression en O2 \u00e9lev\u00e9e de l\u2019air atmosph\u00e9rique. Le CO2 suit le chemin inverse en raison de la pression en CO2 plus faible de l\u2019air atmosph\u00e9rique.<span class=\"Apple-converted-space\">\u00a0<\/span><\/p>\n<p><i>N.B. : Les \u00e9changes de la respiration externe se font donc dans les alv\u00e9oles. La pr\u00e9sence de surfactant (m\u00e9lange de phospholipides et de lipoprot\u00e9ines) emp\u00eache l\u2019affaissement des alv\u00e9oles \u00e0 la fin de chaque expiration. Le surfactant tend \u00e0 r\u00e9duire la tension superficielle.<span class=\"Apple-converted-space\">\u00a0<\/span><\/i><\/p>\n<p>3 &#8211; La respiration interne (tissulaire) est l\u2019\u00e9change d\u2019O2 et de CO2 entre <b>les capillaires sanguins des tissus <\/b>et les <b>cellules des tissus<\/b>. Elle entra\u00eene la conversion du sang oxyg\u00e9n\u00e9 en sang d\u00e9soxyg\u00e9n\u00e9 toujours en raison des diff\u00e9rences de pression en gaz. L\u2019O2 diffuse du sang vers les cellules des tissus tandis que le CO2 quitte les cellules vers le sang des capillaires.<span class=\"Apple-converted-space\">\u00a0<\/span><\/p>\n<p>Le transport des gaz respiratoires entre les poumons et les tissus est une fonction du sang. Ceci explique l\u2019extraordinaire richesse du r\u00e9seau capillaire dans les parois alv\u00e9olaires<span class=\"Apple-converted-space\">\u00a0<\/span><\/p>\n<p>&nbsp;<\/p>\n<a href=\"https:\/\/histologie.univ-nantes.fr\/category\/appareil-respiratoire\/\" class=\"su-button su-button-style-default\" style=\"color:#FFFFFF;background-color:#9a0620;border-color:#7c051a;border-radius:5px;-moz-border-radius:5px;-webkit-border-radius:5px\" target=\"_self\"><span style=\"color:#FFFFFF;padding:0px 16px;font-size:13px;line-height:26px;border-color:#b95163;border-radius:5px;-moz-border-radius:5px;-webkit-border-radius:5px;text-shadow:none;-moz-text-shadow:none;-webkit-text-shadow:none\"> &lt;&lt; L&#8217;APPAREIL RESPIRATOIRE<\/span><\/a>\n","protected":false},"excerpt":{"rendered":"<p>L&#8217;appareil\u00a0respiratoire : \u00a01- les voies respiratoires sup\u00e9rieures avec le nez, le pharynx et les structures associ\u00e9es.\u00a0 &#8211; Le nez comprend une partie externe avec deux narines qui communiquent avec l\u2019ext\u00e9rieur et une partie interne log\u00e9e dans le cr\u00e2ne au dessus &hellip; <a class=\"kt-excerpt-readmore more-link\" href=\"https:\/\/histologie.univ-nantes.fr\/?p=1232\">Lire la suite&#8230;<\/a><\/p>\n","protected":false},"author":2,"featured_media":1231,"comment_status":"closed","ping_status":"closed","sticky":false,"template":"","format":"image","meta":[],"categories":[50],"tags":[],"_links":{"self":[{"href":"https:\/\/histologie.univ-nantes.fr\/index.php?rest_route=\/wp\/v2\/posts\/1232"}],"collection":[{"href":"https:\/\/histologie.univ-nantes.fr\/index.php?rest_route=\/wp\/v2\/posts"}],"about":[{"href":"https:\/\/histologie.univ-nantes.fr\/index.php?rest_route=\/wp\/v2\/types\/post"}],"author":[{"embeddable":true,"href":"https:\/\/histologie.univ-nantes.fr\/index.php?rest_route=\/wp\/v2\/users\/2"}],"replies":[{"embeddable":true,"href":"https:\/\/histologie.univ-nantes.fr\/index.php?rest_route=%2Fwp%2Fv2%2Fcomments&post=1232"}],"version-history":[{"count":4,"href":"https:\/\/histologie.univ-nantes.fr\/index.php?rest_route=\/wp\/v2\/posts\/1232\/revisions"}],"predecessor-version":[{"id":1253,"href":"https:\/\/histologie.univ-nantes.fr\/index.php?rest_route=\/wp\/v2\/posts\/1232\/revisions\/1253"}],"wp:featuredmedia":[{"embeddable":true,"href":"https:\/\/histologie.univ-nantes.fr\/index.php?rest_route=\/wp\/v2\/media\/1231"}],"wp:attachment":[{"href":"https:\/\/histologie.univ-nantes.fr\/index.php?rest_route=%2Fwp%2Fv2%2Fmedia&parent=1232"}],"wp:term":[{"taxonomy":"category","embeddable":true,"href":"https:\/\/histologie.univ-nantes.fr\/index.php?rest_route=%2Fwp%2Fv2%2Fcategories&post=1232"},{"taxonomy":"post_tag","embeddable":true,"href":"https:\/\/histologie.univ-nantes.fr\/index.php?rest_route=%2Fwp%2Fv2%2Ftags&post=1232"}],"curies":[{"name":"wp","href":"https:\/\/api.w.org\/{rel}","templated":true}]}}