{"id":594,"date":"2018-07-24T16:42:41","date_gmt":"2018-07-24T14:42:41","guid":{"rendered":"https:\/\/histologie.univ-nantes.fr\/?p=594"},"modified":"2023-11-28T09:45:15","modified_gmt":"2023-11-28T08:45:15","slug":"lintestin-grele","status":"publish","type":"post","link":"https:\/\/histologie.univ-nantes.fr\/?p=594","title":{"rendered":"L&#8217;intestin gr\u00eale"},"content":{"rendered":"<h2><b><span style=\"color: #cc3300;\"><span style=\"color: #800080;\">Le duod\u00e9num<\/span>\u00a0<\/span><\/b><b><span style=\"color: #cc3300;\">\u00a0<\/span><\/b><\/h2>\n<p align=\"left\">Il est\u00a0 caract\u00e9ris\u00e9 par<\/p>\n<p align=\"left\">\u00a0\u00a0\u00a0\u00a0 &#8211; Une muqueuse sans valvules conniventes dans sa majeure partie<\/p>\n<p align=\"left\">\u00a0\u00a0\u00a0\u00a0 &#8211; Des glandes de Br\u00fcnner dans la muqueuse et surtout dans la sous muqueuse<\/p>\n<h2><b><span style=\"color: #cc3300;\">Coupe transversale de duod\u00e9num de chat, color\u00e9e par la m\u00e9thode de Van-Gieson\u00a0<\/span><\/b><b><span style=\"color: #cc3300;\">\u00a0<\/span><\/b><\/h2>\n<h4><a href=\"https:\/\/histologie.univ-nantes.fr\/?p=1980\" target=\"_blank\" rel=\"noopener\"><i><img decoding=\"async\" loading=\"lazy\" class=\"alignnone wp-image-2023\" src=\"https:\/\/histologie.univ-nantes.fr\/wp-content\/uploads\/2023\/11\/microscope-silhouette-clipart-e1701160211973-232x300.jpg\" alt=\"\" width=\"33\" height=\"43\" srcset=\"https:\/\/histologie.univ-nantes.fr\/wp-content\/uploads\/2023\/11\/microscope-silhouette-clipart-e1701160211973-232x300.jpg 232w, https:\/\/histologie.univ-nantes.fr\/wp-content\/uploads\/2023\/11\/microscope-silhouette-clipart-e1701160211973-116x150.jpg 116w, https:\/\/histologie.univ-nantes.fr\/wp-content\/uploads\/2023\/11\/microscope-silhouette-clipart-e1701160211973.jpg 288w\" sizes=\"(max-width: 33px) 100vw, 33px\" \/> &gt;&gt;&gt;&gt;&gt; Lame virtuelle de duod\u00e9num<\/i><\/a><\/h4>\n<p><strong>Observer au faible grossissement <\/strong>(Objectif X4)<strong>,\u00a0\u00a0<\/strong><\/p>\n<p style=\"text-align: center;\"><span style=\"color: #666699;\"><em>&gt;&gt; Faites d\u00e9filer l&#8217;image avec ou sans l\u00e9gendes avec le curseur de droite.\u00a0<\/em><\/span><span style=\"color: #666699;\"><em>Visuel interactif optimis\u00e9 pour Chrome, Safari ou Explorer &lt;&lt;<\/em><\/span><\/p>\n<div class=\"h5p-iframe-wrapper\"><iframe id=\"h5p-iframe-8\" class=\"h5p-iframe\" data-content-id=\"8\" style=\"height:1px\" src=\"about:blank\" frameBorder=\"0\" scrolling=\"no\" title=\"Tube Digestif Grele P19\"><\/iframe><\/div>\n<p>de dedans en dehors\u00a0<strong> :<\/strong><\/p>\n<p>&#8211; La muqueuse tr\u00e8s \u00e9paisse avec des villosit\u00e9s et des glandes de Lieberk\u00fchn.<\/p>\n<p>&#8211; Les glandes de Br\u00fcnner lobul\u00e9es\u00a0 dans la sous muqueuse.<\/p>\n<p>&#8211; La musculeuse assez\u00a0 \u00e9paisse travers\u00e9e en un point par le canal de Wirsung-Santorini.<\/p>\n<p>&#8211; La s\u00e9reuse tr\u00e8s mince.<\/p>\n<div class=\"su-row\"><div class=\"su-column su-column-size-1-2\"><div class=\"su-column-inner su-u-clearfix su-u-trim\">\n<p><a href=\"https:\/\/histologie.univ-nantes.fr\/wp-content\/uploads\/2018\/07\/TD-IG-20.jpg\"><img decoding=\"async\" loading=\"lazy\" class=\"alignnone size-full wp-image-561\" src=\"https:\/\/histologie.univ-nantes.fr\/wp-content\/uploads\/2018\/07\/TD-IG-20.jpg\" alt=\"\" width=\"834\" height=\"750\" srcset=\"https:\/\/histologie.univ-nantes.fr\/wp-content\/uploads\/2018\/07\/TD-IG-20.jpg 834w, https:\/\/histologie.univ-nantes.fr\/wp-content\/uploads\/2018\/07\/TD-IG-20-300x270.jpg 300w, https:\/\/histologie.univ-nantes.fr\/wp-content\/uploads\/2018\/07\/TD-IG-20-768x691.jpg 768w\" sizes=\"(max-width: 834px) 100vw, 834px\" \/><\/a><\/p>\n<\/div><\/div>\n<div class=\"su-column su-column-size-1-2\"><div class=\"su-column-inner su-u-clearfix su-u-trim\">\n<p><strong>Rep\u00e9rer au faible grossissement\u00a0<\/strong>(Objectif X10) de dedans en dehors<strong> :<\/strong><\/p>\n<p><strong>1 &#8211; <u>La muqueuse<\/u> <\/strong>comprenant :<\/p>\n<p>&#8211; La zone des<u> villosit\u00e9s<\/u> (environ 2\/5 de l&#8217;\u00e9paisseur de la muqueuse).<\/p>\n<p>&#8211; La zone des <u>glandes de Lieberk\u00fchn<\/u>\u00a0 tr\u00e8s droites, \u00e0 lumi\u00e8re nettement visible. Quelques glandes de Br\u00fcnner peuvent s&#8217;intercaler \u00e0 leur base.<\/p>\n<p>&#8211; Le<u> tissu conjonctif<\/u>, tr\u00e8s cellulaire, entre les glandes et dans l&#8217;axe des villosit\u00e9s.<\/p>\n<p>&#8211; La zone lympho\u00efde (rang\u00e9e\u00a0 discontinue de noyaux sombres de lymphocytes \u00e0 la base des glandes).<\/p>\n<p>&#8211; La <u>muscularis mucos\u00e6.<\/u><\/p>\n<p><strong>2 &#8211; <u>La sous-muqueuse<\/u> <\/strong>form\u00e9e :<\/p>\n<p>&#8211; De tissu conjonctif contenant des vaisseaux.<\/p>\n<p>&#8211; De glandes de Br\u00fcnner lobul\u00e9es, tubuleuses, ramifi\u00e9es, muqueuses, \u00e0 lumi\u00e8re tr\u00e8s large.<\/p>\n<p>&#8211; D\u2019\u00e9l\u00e9ments nerveux\u00a0 correspondant aux\u00a0 micro-ganglions du <u>plexus sous-muqueux <\/u><u>de Meissner<\/u>.<\/p>\n<p><strong>3 &#8211; <u>La musculeuse<\/u> <\/strong>avec<\/p>\n<p>&#8211; Ces deux couches bien distinctes, l&#8217;une\u00a0 interne circulaire et l&#8217;autre externe longitudinale.<\/p>\n<p>&#8211; Entre les deux couches, les \u00e9l\u00e9ments nerveux du plexus myent\u00e9rique d&#8217;Auerbach.<\/p>\n<p>&#8211; Des vaisseaux (art\u00e8res et veines).<\/p>\n<p><strong>4 &#8211; <u>La s\u00e9reuse<\/u> <\/strong>tr\u00e8s mince.<\/p>\n<p><em><u>N.B<\/u>. : On ne tiendra pas compte des structures pancr\u00e9atiques (acini et canal collecteur) qui apparaissent sur la pr\u00e9paration.<\/em><\/p>\n<\/div><\/div><\/div>\n<div class=\"su-row\"><div class=\"su-column su-column-size-1-2\"><div class=\"su-column-inner su-u-clearfix su-u-trim\">\n<p><a href=\"https:\/\/histologie.univ-nantes.fr\/wp-content\/uploads\/2018\/07\/TD-IG-21.jpg\"><img decoding=\"async\" loading=\"lazy\" class=\"alignnone size-full wp-image-562\" src=\"https:\/\/histologie.univ-nantes.fr\/wp-content\/uploads\/2018\/07\/TD-IG-21.jpg\" alt=\"\" width=\"987\" height=\"750\" srcset=\"https:\/\/histologie.univ-nantes.fr\/wp-content\/uploads\/2018\/07\/TD-IG-21.jpg 987w, https:\/\/histologie.univ-nantes.fr\/wp-content\/uploads\/2018\/07\/TD-IG-21-300x228.jpg 300w, https:\/\/histologie.univ-nantes.fr\/wp-content\/uploads\/2018\/07\/TD-IG-21-768x584.jpg 768w\" sizes=\"(max-width: 987px) 100vw, 987px\" \/><\/a><\/p>\n<\/div><\/div>\n<div class=\"su-column su-column-size-1-2\"><div class=\"su-column-inner su-u-clearfix su-u-trim\">\n<p><strong>Observer au fort grossissement <\/strong>(Objectif X 40) de dedans en dehors<strong> :<\/strong><\/p>\n<p><strong>1- <u>La muqueuse avec<\/u> <\/strong>:<\/p>\n<p>a &#8211; <u>Des villosit\u00e9s<\/u> form\u00e9es\u00a0 par :<\/p>\n<p>&#8211; un \u00e9pith\u00e9lium prismatique simple comprenant :<\/p>\n<p>. Des <u>cellules \u00e0 plateau stri\u00e9<\/u> (ent\u00e9rocytes), tr\u00e8s nombreuses, \u00e0 noyau oblong sub-central.<\/p>\n<p>. Des <u>cellules caliciformes<\/u> \u00e0 mucus (color\u00e9 en rose) \u00e0 p\u00f4le apical ouvert et \u00e0 noyau\u00a0triangulaire basal.<\/p>\n<p>. Des <u>lymphocytes intra-\u00e9pith\u00e9liaux<\/u> dont seul le noyau rond et sombre est visible.<\/p>\n<p>&#8211; un stroma conjonctif constitu\u00e9 :<\/p>\n<p>. De fibroblastes sous la lame basale.<\/p>\n<p>. De fines lamelles conjonctives et de noyaux de cellules conjonctives.<\/p>\n<p>. De capillaires bordant l&#8217;\u00e9pith\u00e9lium.<\/p>\n<p>. D&#8217;un infiltrat lympho\u00efde.<\/p>\n<p>. De l\u00e9\u00efomyocytes (de teinte jaun\u00e2tre) avec un noyau allong\u00e9.\u00a0 L&#8217;ensemble constitue le<u> muscle de Br\u00fccke<\/u> qui borde le <u>chylif\u00e8re central<\/u> (fente claire visible sur certaines sections de villosit\u00e9s).<\/p>\n<p><em><strong>Le <u>chylif\u00e8re central<\/u> est\u00a0 un vaisseau lymphatique de grande taille qui se jette dans le r\u00e9seau lymphatique sous-muqueux. La contraction du muscle de BR\u00dcCKE\u00a0 provoque l\u2019\u00e9vacuation de la lymphe notamment apr\u00e8s un repas riche en graisses.<\/strong><\/em><\/p>\n<\/div><\/div><\/div>\n<p align=\"left\"><span style=\"color: #008080;\"><i><b>&#8211; Les villosit\u00e9s augmentent les surfaces d&#8217;\u00e9change favorisant ainsi la digestion et l&#8217;absorption.<\/b><\/i><\/span><\/p>\n<p align=\"left\">&#8211; <b><i><span style=\"color: #008080;\">Des enzymes \u00e9labor\u00e9s par les ent\u00e9rocytes sont d\u00e9vers\u00e9s dans la lumi\u00e8re, d&#8217;autres s&#8217;int\u00e8grent au glycocalyx. Ceux ci <\/span><\/i><span style=\"color: #008080;\"><i>assurent la digestion des glucides, des prot\u00e9ines, des nucl\u00e9otides et contribuent donc avec les enzymes luminales \u00e0 la digestion des aliments.<\/i><\/span><\/b><\/p>\n<p align=\"left\"><b><span style=\"color: #008080;\"><i>&#8211; <\/i><\/span><i><span style=\"color: #008080;\">L\u2019absorption des nutriments concerne les petites mol\u00e9cules issues de la digestion chimique\u00a0: monosaccharides tels que glucose, fructose et galactose, des acides amin\u00e9s, des dipeptides et des tripeptides, des acides gras, du glyc\u00e9rol et des monoglyc\u00e9rides essentiellement.<\/span><\/i><\/b><\/p>\n<div class=\"su-row\"><div class=\"su-column su-column-size-1-2\"><div class=\"su-column-inner su-u-clearfix su-u-trim\">\n<p><a href=\"https:\/\/histologie.univ-nantes.fr\/wp-content\/uploads\/2018\/07\/TD-IG-22.jpg\"><img decoding=\"async\" loading=\"lazy\" class=\"alignnone size-full wp-image-563\" src=\"https:\/\/histologie.univ-nantes.fr\/wp-content\/uploads\/2018\/07\/TD-IG-22.jpg\" alt=\"\" width=\"829\" height=\"737\" srcset=\"https:\/\/histologie.univ-nantes.fr\/wp-content\/uploads\/2018\/07\/TD-IG-22.jpg 829w, https:\/\/histologie.univ-nantes.fr\/wp-content\/uploads\/2018\/07\/TD-IG-22-300x267.jpg 300w, https:\/\/histologie.univ-nantes.fr\/wp-content\/uploads\/2018\/07\/TD-IG-22-768x683.jpg 768w\" sizes=\"(max-width: 829px) 100vw, 829px\" \/><\/a><\/p>\n<\/div><\/div>\n<div class=\"su-column su-column-size-1-2\"><div class=\"su-column-inner su-u-clearfix su-u-trim\">\n<p>b &#8211; <u>La zone des\u00a0<\/u><u> glandes de Lieberk\u00fchn<\/u> comprenant :<\/p>\n<p>&#8211; <u>les glandes de Lieberk\u00fchn<\/u> avec :<\/p>\n<p>.\u00a0 Une lumi\u00e8re \u00e9troite mais tr\u00e8s nette.<\/p>\n<p>. Les m\u00eames cellules que dans l&#8217;\u00e9pith\u00e9lium des villosit\u00e9s.<\/p>\n<p>. Des figures de mitose tr\u00e8s \u00e9videntes dans le fond des glandes.<\/p>\n<p>. Un nombre plus r\u00e9duit de lymphocytes intra-\u00e9pith\u00e9liaux.<\/p>\n<p><em>N.B. : On remarquera la r\u00e9duction du plateau stri\u00e9 au fond des glandes, voire sa disparition. \u00a0<\/em><\/p>\n<p><em>&#8211; Au fond des glandes, on trouve aussi des cellules de Paneth qui\u00a0 s\u00e9cr\u00e8tent des enzymes \u00e0 activit\u00e9 anti-microbienne.<\/em><\/p>\n<p>&#8211; <u>le tissu conjonctif inter- glandulaire<\/u> avec des fibres collag\u00e8nes plus nettes que dans l&#8217;axe des villosit\u00e9s, des fibrocytes, les noyaux de <u>quelques <\/u><u>l\u00e9\u00efomyocytes<\/u> se rendant dans les villosit\u00e9s, des lymphocytes et des capillaires.<\/p>\n<p>c &#8211; <u>La muscularis mucos\u00e6<\/u> avec ses 2 couches (IC et EL), travers\u00e9e par les glandes de <u>Br\u00fcnner<\/u><\/p>\n<p><strong>\u00a0<em>Les cellules endocrines ne sont pas rep\u00e9rables en technique de routine,\u00a0 mais elles existent\u00a0 \u00e0 tous les niveaux de l\u2019intestin gr\u00eale. Elles sont pr\u00e9sentes dans les villosit\u00e9s, mais surtout\u00a0 nombreuses dans le fond des glandes de Lieberk\u00fchn. Dans le duod\u00e9num, on trouve essentiellement des cellules EC (s\u00e9rotonine), G (gastrine) , S (s\u00e9cr\u00e9tine) et D (somatostatine). Elles participent, avec le syst\u00e8me nerveux p\u00e9riph\u00e9rique autonome, \u00e0 la r\u00e9gulation des s\u00e9cr\u00e9tions et \u00e0 la motilit\u00e9 de l\u2019intestin.<\/em><\/strong><\/p>\n<\/div><\/div><\/div>\n<div class=\"su-row\"><div class=\"su-column su-column-size-1-2\"><div class=\"su-column-inner su-u-clearfix su-u-trim\">\n<p><a href=\"https:\/\/histologie.univ-nantes.fr\/wp-content\/uploads\/2018\/07\/TD-IG-23.jpg\"><img decoding=\"async\" loading=\"lazy\" class=\"alignnone size-full wp-image-564\" src=\"https:\/\/histologie.univ-nantes.fr\/wp-content\/uploads\/2018\/07\/TD-IG-23.jpg\" alt=\"\" width=\"1000\" height=\"714\" srcset=\"https:\/\/histologie.univ-nantes.fr\/wp-content\/uploads\/2018\/07\/TD-IG-23.jpg 1000w, https:\/\/histologie.univ-nantes.fr\/wp-content\/uploads\/2018\/07\/TD-IG-23-300x214.jpg 300w, https:\/\/histologie.univ-nantes.fr\/wp-content\/uploads\/2018\/07\/TD-IG-23-768x548.jpg 768w\" sizes=\"(max-width: 1000px) 100vw, 1000px\" \/><\/a><\/p>\n<\/div><\/div>\n<div class=\"su-column su-column-size-1-2\"><div class=\"su-column-inner su-u-clearfix su-u-trim\">\n<p><strong>2- <\/strong><u><strong>La sous muqueuse<\/strong><\/u><\/p>\n<p>avec :<\/p>\n<p style=\"padding-left: 30px;\">&#8211; Des glandes de Br\u00fcnner\u00a0 \u00e0 lumi\u00e8re tr\u00e8s large. Les noyaux des cellules muqueuses\u00a0 sont ronds et basaux.<\/p>\n<p style=\"padding-left: 30px;\">&#8211; <u>Quelques glandes de Br\u00fcnner<\/u> s&#8217;abouchant\u00a0 aux glandes de Lieberk\u00fchn.<\/p>\n<p>\u00a0\u00a0\u00a0<em><strong>Les glandes de BR\u00dcNNER, pr\u00e9sentes seulement dans le duod\u00e9num, contribuent \u00e0 la neutralisation du chyme gastrique acide afin que l\u2019activit\u00e9 enzymatique intestinale puisse s\u2019exercer pleinement<\/strong><\/em><\/p>\n<p style=\"padding-left: 30px;\">&#8211;\u00a0Du tissu conjonctif contenant des vaisseaux.<\/p>\n<p style=\"padding-left: 30px;\">&#8211; L&#8217;infiltrat lympho\u00efde dans le tissu conjonctif est important par place.<\/p>\n<p style=\"padding-left: 30px;\">\u00a0&#8211; Les micro-ganglions du plexus sous-muqueux de Meissner.\u00a0 Ils sont compos\u00e9s de\u00a0 cellules ganglionnaires \u00e0 cytoplasme gris, \u00e0 gros noyau clair et\u00a0 nucl\u00e9ol\u00e9.<\/p>\n<p><em><strong>L<\/strong><\/em><em><strong>es fibres nerveuses\u00a0 innervent la muscularis mucos\u00e6. Ce plexus joue \u00e9galement un r\u00f4le important dans la r\u00e9gulation des s\u00e9cr\u00e9tions\u00a0 participant au suc digestif.<\/strong><\/em><\/p>\n<p><em><strong>Le plexus sous-muqueux de Meissner appartient au Syst\u00e8me Nerveux Ent\u00e9rique (SNE).\u00a0<\/strong><\/em><\/p>\n<\/div><\/div><\/div>\n<div class=\"su-row\"><div class=\"su-column su-column-size-1-2\"><div class=\"su-column-inner su-u-clearfix su-u-trim\">\n<p><a href=\"https:\/\/histologie.univ-nantes.fr\/wp-content\/uploads\/2018\/07\/TD-IG-25.jpg\"><img decoding=\"async\" loading=\"lazy\" class=\"alignnone size-full wp-image-565\" src=\"https:\/\/histologie.univ-nantes.fr\/wp-content\/uploads\/2018\/07\/TD-IG-25.jpg\" alt=\"\" width=\"782\" height=\"750\" srcset=\"https:\/\/histologie.univ-nantes.fr\/wp-content\/uploads\/2018\/07\/TD-IG-25.jpg 782w, https:\/\/histologie.univ-nantes.fr\/wp-content\/uploads\/2018\/07\/TD-IG-25-300x288.jpg 300w, https:\/\/histologie.univ-nantes.fr\/wp-content\/uploads\/2018\/07\/TD-IG-25-768x737.jpg 768w\" sizes=\"(max-width: 782px) 100vw, 782px\" \/><\/a><\/p>\n<\/div><\/div>\n<div class=\"su-column su-column-size-1-2\"><div class=\"su-column-inner su-u-clearfix su-u-trim\">\n<p><strong>3- <u>La musculeuse<\/u> <\/strong>avec (la coupe \u00e9tant transversale) :<\/p>\n<p>&#8211; Une couche interne circulaire de l\u00e9\u00efomyocytes en vue longitudinale.<\/p>\n<p>&#8211; Une couche externe longitudinale de l\u00e9\u00efomyocytes en vue transversale.<\/p>\n<p>&#8211; Entre les deux plans, les micro ganglions du plexus myent\u00e9rique d&#8217;Auerbach.<\/p>\n<p><strong><em>Les fibres nerveuses du plexus myent\u00e9rique d&#8217;Auerbach (<\/em><\/strong><strong><em>SNE<\/em><\/strong><strong><em>) r\u00e8glent la motilit\u00e9\u00a0 de la musculeuse.\u00a0<\/em> <em>Le p\u00e9ristaltisme permet la progression\u00a0 du chyme en direction du gros intestin.\u00a0<\/em><\/strong><\/p>\n<p><em><strong>La digestion chimique est facilit\u00e9e par les mouvements intestinaux. La segmentation brasse localement le chyme intestinal et met ainsi les nutriments au contact des ent\u00e9rocytes pour qu\u2019ils\u00a0 les absorbent.\u00a0<\/strong><\/em><\/p>\n<p><strong>4- <\/strong><u><strong>La s\u00e9reuse<\/strong><\/u>\u00a0 tr\u00e8s mince, form\u00e9e du tissu conjonctif de l&#8217;adventice recouvert par le feuillet p\u00e9riton\u00e9al.<\/p>\n<\/div><\/div><\/div>\n<hr \/>\n<h2><b><span style=\"color: #cc3300;\"><span style=\"color: #800080;\">Le j\u00e9junum<\/span>\u00a0<\/span><\/b><b><span style=\"color: #cc3300;\">\u00a0<\/span><\/b><\/h2>\n<p align=\"left\">Le j\u00e9junum comporte de nombreuses et grandes valvules conniventes mais assez peu de tissu lympho\u00efde.<\/p>\n<h2><b><span style=\"color: #cc3300;\">Coupe longitudinale de j\u00e9junum de lapin, color\u00e9e par la m\u00e9thode de Van Gieson <\/span><\/b><b><span style=\"color: #cc3300;\">\u00a0<\/span><\/b><\/h2>\n<h4><a href=\"https:\/\/histologie.univ-nantes.fr\/?p=1982\" target=\"_blank\" rel=\"noopener\"><i><img decoding=\"async\" loading=\"lazy\" class=\"alignnone wp-image-2023\" src=\"https:\/\/histologie.univ-nantes.fr\/wp-content\/uploads\/2023\/11\/microscope-silhouette-clipart-e1701160211973-232x300.jpg\" alt=\"\" width=\"33\" height=\"43\" srcset=\"https:\/\/histologie.univ-nantes.fr\/wp-content\/uploads\/2023\/11\/microscope-silhouette-clipart-e1701160211973-232x300.jpg 232w, https:\/\/histologie.univ-nantes.fr\/wp-content\/uploads\/2023\/11\/microscope-silhouette-clipart-e1701160211973-116x150.jpg 116w, https:\/\/histologie.univ-nantes.fr\/wp-content\/uploads\/2023\/11\/microscope-silhouette-clipart-e1701160211973.jpg 288w\" sizes=\"(max-width: 33px) 100vw, 33px\" \/> &gt;&gt;&gt;&gt;&gt; Lame virtuelle de j\u00e9junum<\/i><\/a><\/h4>\n<div class=\"su-row\"><div class=\"su-column su-column-size-1-2\"><div class=\"su-column-inner su-u-clearfix su-u-trim\">\n<p><a href=\"https:\/\/histologie.univ-nantes.fr\/wp-content\/uploads\/2018\/07\/TD-IG-26.jpg\"><img decoding=\"async\" loading=\"lazy\" class=\"alignnone size-full wp-image-566\" src=\"https:\/\/histologie.univ-nantes.fr\/wp-content\/uploads\/2018\/07\/TD-IG-26.jpg\" alt=\"\" width=\"1000\" height=\"536\" srcset=\"https:\/\/histologie.univ-nantes.fr\/wp-content\/uploads\/2018\/07\/TD-IG-26.jpg 1000w, https:\/\/histologie.univ-nantes.fr\/wp-content\/uploads\/2018\/07\/TD-IG-26-300x161.jpg 300w, https:\/\/histologie.univ-nantes.fr\/wp-content\/uploads\/2018\/07\/TD-IG-26-768x412.jpg 768w\" sizes=\"(max-width: 1000px) 100vw, 1000px\" \/><\/a><\/p>\n<\/div><\/div>\n<div class=\"su-column su-column-size-1-2\"><div class=\"su-column-inner su-u-clearfix su-u-trim\">\n<p><strong>Rep\u00e9rer au faible grossissement <\/strong>(Objectif X 4)<strong> \u00a0<\/strong><\/p>\n<p>Les m\u00eames \u00e9l\u00e9ments que dans le duod\u00e9num mais en remarquant que :<\/p>\n<p style=\"padding-left: 30px;\">&#8211; La paroi j\u00e9junale est plus mince que la paroi duod\u00e9nale, et que la muqueuse constitue la tunique la plus \u00e9paisse.<\/p>\n<p style=\"padding-left: 30px;\">&#8211; La zone des villosit\u00e9s occupe les 2\/3 de l&#8217;\u00e9paisseur de la muqueuse.<\/p>\n<p style=\"padding-left: 30px;\">&#8211; Le tissu conjonctif de la sous- muqueuse pr\u00e9sente des variations d&#8217;\u00e9paisseur r\u00e9guli\u00e8res lui donnant un aspect ondul\u00e9 : ce sont les <u>valvules conniventes<\/u>. La muqueuse est ainsi enti\u00e8rement soulev\u00e9e.<\/p>\n<p>\u00a0\u00a0\u00a0<em>N.B. : <\/em><em>Ces valvules conniventes ne sont \u00e9videmment visibles qu&#8217;en coupe longitudinale, puisqu&#8217;il s&#8217;agit de soul\u00e8vements transversaux. Les valvules entrainent un r\u00e9tr\u00e9cissement de la\u00a0<\/em><i>lumi\u00e8re du tube digestif \u00e0 intervalles r\u00e9guliers, ce qui ralentit le flux des\u00a0nutriments et permet une augmentation du temps de contact avec les ent\u00e9rocytes.<\/i><\/p>\n<\/div><\/div><\/div>\n<div class=\"su-row\"><div class=\"su-column su-column-size-1-2\"><div class=\"su-column-inner su-u-clearfix su-u-trim\">\n<p><a href=\"https:\/\/histologie.univ-nantes.fr\/wp-content\/uploads\/2018\/07\/TD-IG-27.jpg\"><img decoding=\"async\" loading=\"lazy\" class=\"alignnone size-full wp-image-567\" src=\"https:\/\/histologie.univ-nantes.fr\/wp-content\/uploads\/2018\/07\/TD-IG-27.jpg\" alt=\"\" width=\"622\" height=\"750\" srcset=\"https:\/\/histologie.univ-nantes.fr\/wp-content\/uploads\/2018\/07\/TD-IG-27.jpg 622w, https:\/\/histologie.univ-nantes.fr\/wp-content\/uploads\/2018\/07\/TD-IG-27-249x300.jpg 249w\" sizes=\"(max-width: 622px) 100vw, 622px\" \/><\/a><\/p>\n<\/div><\/div>\n<div class=\"su-column su-column-size-1-2\"><div class=\"su-column-inner su-u-clearfix su-u-trim\">\n<p><strong>Remarquer <\/strong><strong>au faible grossissement <\/strong>(Objectif X 10) que\u00a0:<\/p>\n<p>L&#8217;axe des valvules est occup\u00e9 par de volumineux vaisseaux. On pourra y rep\u00e9rer difficilement\u00a0 quelques micro-ganglions du plexus sous-muqueux de Meissner.<\/p>\n<p><strong><em>A partir de l\u2019ampoule de Vater, le liquide intestinal\u00a0 s\u2019enrichit du suc pancr\u00e9atique et de la bile h\u00e9patique capable d\u2019\u00e9mulsifier les graisses, condition indispensable \u00e0 leur digestion chimique<\/em><\/strong> <strong><em>L\u2019ensemble de ces sucs, tr\u00e8s riches en enzymes, <\/em><\/strong><strong><em>assurent la digestion<\/em><\/strong><strong><em> des sucres, des prot\u00e9ines, des lipides\u00a0 et des acides nucl\u00e9iques.<\/em><\/strong><\/p>\n<\/div><\/div><\/div>\n<hr \/>\n<h2><b><span style=\"color: #cc3300;\"><span style=\"color: #800080;\">L&#8217;il\u00e9on<\/span>\u00a0<\/span><\/b><b><span style=\"color: #cc3300;\">\u00a0<\/span><\/b><\/h2>\n<p align=\"left\">Le j\u00e9junum et l&#8217;il\u00e9on ne diff\u00e8rent que par quelques caract\u00e8res. L&#8221;il\u00e9on a peu (ou pas dans la derni\u00e8re moiti\u00e9) de valvules conniventes, mais il contient par contre de nombreux follicules lympho\u00efdes.<\/p>\n<h2><b><span style=\"color: #cc3300;\">Coupe transversale d&#8217;il\u00e9on de chien, color\u00e9e par la m\u00e9thode de Van Gieson <\/span><\/b><b><span style=\"color: #cc3300;\">\u00a0<\/span><\/b><\/h2>\n<h4><a href=\"https:\/\/histologie.univ-nantes.fr\/?p=1984\" target=\"_blank\" rel=\"noopener\"><i><img decoding=\"async\" loading=\"lazy\" class=\"alignnone wp-image-2023\" src=\"https:\/\/histologie.univ-nantes.fr\/wp-content\/uploads\/2023\/11\/microscope-silhouette-clipart-e1701160211973-232x300.jpg\" alt=\"\" width=\"33\" height=\"43\" srcset=\"https:\/\/histologie.univ-nantes.fr\/wp-content\/uploads\/2023\/11\/microscope-silhouette-clipart-e1701160211973-232x300.jpg 232w, https:\/\/histologie.univ-nantes.fr\/wp-content\/uploads\/2023\/11\/microscope-silhouette-clipart-e1701160211973-116x150.jpg 116w, https:\/\/histologie.univ-nantes.fr\/wp-content\/uploads\/2023\/11\/microscope-silhouette-clipart-e1701160211973.jpg 288w\" sizes=\"(max-width: 33px) 100vw, 33px\" \/> &gt;&gt;&gt;&gt;&gt; Lame virtuelle d&#8217;il\u00e9on<\/i><\/a><\/h4>\n<div class=\"su-row\"><div class=\"su-column su-column-size-1-2\"><div class=\"su-column-inner su-u-clearfix su-u-trim\">\n<p><a href=\"https:\/\/histologie.univ-nantes.fr\/wp-content\/uploads\/2018\/07\/TD-IG-28.jpg\"><img decoding=\"async\" loading=\"lazy\" class=\"alignnone size-full wp-image-568\" src=\"https:\/\/histologie.univ-nantes.fr\/wp-content\/uploads\/2018\/07\/TD-IG-28.jpg\" alt=\"\" width=\"965\" height=\"750\" srcset=\"https:\/\/histologie.univ-nantes.fr\/wp-content\/uploads\/2018\/07\/TD-IG-28.jpg 965w, https:\/\/histologie.univ-nantes.fr\/wp-content\/uploads\/2018\/07\/TD-IG-28-300x233.jpg 300w, https:\/\/histologie.univ-nantes.fr\/wp-content\/uploads\/2018\/07\/TD-IG-28-768x597.jpg 768w\" sizes=\"(max-width: 965px) 100vw, 965px\" \/><\/a><\/p>\n<\/div><\/div>\n<div class=\"su-column su-column-size-1-2\"><div class=\"su-column-inner su-u-clearfix su-u-trim\">\n<p><strong>Rep\u00e9rer au faible grossissement <\/strong>(Objectif X 4)<\/p>\n<p>Les m\u00eames \u00e9l\u00e9ments que pr\u00e9c\u00e9demment, mais en remarquant que :<\/p>\n<p>La couche lympho\u00efde \u00e0 la base des glandes de Lieberk\u00fchn, \u00e9carte les glandes et m\u00eame s&#8217;y substitue pour y donner des follicules clos associ\u00e9s en plaque de Peyer.<\/p>\n<p>Ils peuvent s&#8217;\u00e9lever jusque sous l&#8217;\u00e9pith\u00e9lium des villosit\u00e9s.<\/p>\n<p><em><u>N.B<\/u>. : Chez l&#8217;Homme, les plaques de Peyer (20 \u00e0 30) peuvent atteindre plusieurs cm de long.<\/em><\/p>\n<\/div><\/div><\/div>\n<div class=\"su-row\"><div class=\"su-column su-column-size-1-2\"><div class=\"su-column-inner su-u-clearfix su-u-trim\">\n<p><a href=\"https:\/\/histologie.univ-nantes.fr\/wp-content\/uploads\/2018\/07\/TD-IG-29.jpg\"><img decoding=\"async\" loading=\"lazy\" class=\"alignnone size-full wp-image-569\" src=\"https:\/\/histologie.univ-nantes.fr\/wp-content\/uploads\/2018\/07\/TD-IG-29.jpg\" alt=\"\" width=\"858\" height=\"750\" srcset=\"https:\/\/histologie.univ-nantes.fr\/wp-content\/uploads\/2018\/07\/TD-IG-29.jpg 858w, https:\/\/histologie.univ-nantes.fr\/wp-content\/uploads\/2018\/07\/TD-IG-29-300x262.jpg 300w, https:\/\/histologie.univ-nantes.fr\/wp-content\/uploads\/2018\/07\/TD-IG-29-768x671.jpg 768w\" sizes=\"(max-width: 858px) 100vw, 858px\" \/><\/a><\/p>\n<\/div><\/div>\n<div class=\"su-column su-column-size-1-2\"><div class=\"su-column-inner su-u-clearfix su-u-trim\">\n<p><strong>Remarquer <\/strong><strong>au <\/strong><strong>faible <\/strong><strong>grossissement <\/strong>(Objectif X 10) que :<\/p>\n<p>&#8211; La base des villosit\u00e9s est tr\u00e8s large<\/p>\n<p>&#8211; L&#8217;axe villositaire est constitu\u00e9 de tissu conjonctif<\/p>\n<p>&#8211; La lumi\u00e8re intestinale occupe l&#8217;axe des glandes de Lieberk\u00fchn<\/p>\n<\/div><\/div><\/div>\n<div class=\"su-row\"><div class=\"su-column su-column-size-1-2\"><div class=\"su-column-inner su-u-clearfix su-u-trim\">\n<p><a href=\"https:\/\/histologie.univ-nantes.fr\/wp-content\/uploads\/2018\/07\/TD-IG-30.jpg\"><img decoding=\"async\" loading=\"lazy\" class=\"alignnone size-full wp-image-570\" src=\"https:\/\/histologie.univ-nantes.fr\/wp-content\/uploads\/2018\/07\/TD-IG-30.jpg\" alt=\"\" width=\"946\" height=\"750\" srcset=\"https:\/\/histologie.univ-nantes.fr\/wp-content\/uploads\/2018\/07\/TD-IG-30.jpg 946w, https:\/\/histologie.univ-nantes.fr\/wp-content\/uploads\/2018\/07\/TD-IG-30-300x238.jpg 300w, https:\/\/histologie.univ-nantes.fr\/wp-content\/uploads\/2018\/07\/TD-IG-30-768x609.jpg 768w\" sizes=\"(max-width: 946px) 100vw, 946px\" \/><\/a><\/p>\n<\/div><\/div>\n<div class=\"su-column su-column-size-1-2\"><div class=\"su-column-inner su-u-clearfix su-u-trim\">\n<p style=\"padding-left: 30px;\">&#8211; L&#8217;infiltration lympho\u00efde du chorion est plus importante.<\/p>\n<p style=\"padding-left: 30px;\">&#8211; La couche lympho\u00efde, \u00e0 la base des glandes de Lieberk\u00fchn est plus nette.<\/p>\n<p style=\"padding-left: 30px;\">&#8211; La nappe conjonctive que l&#8217;on voit \u00e0 la base des glandes de Lieberk\u00fchn s&#8217;interrompt \u00e0 hauteur des follicules clos.<\/p>\n<p style=\"padding-left: 30px;\">&#8211; La muscularis mucos\u00e6 est amincie, voire interrompue \u00e0 l&#8217;emplacement de la plaque de Peyer.<\/p>\n<\/div><\/div><\/div>\n<p align=\"left\"><i><b><span style=\"color: #008080;\">L\u2019intestin gr\u00eale joue un r\u00f4le dans les processus de d\u00e9fense immunitaire. Les follicules clos de plus en plus nombreux en direction de l\u2019il\u00e9on s\u2019y organisent m\u00eame en plaques de Peyer. Ces structures lympho\u00efdes emp\u00eachent les bact\u00e9ries de p\u00e9n\u00e9trer dans le sang.<\/span><\/b><\/i><\/p>\n<p align=\"left\"><i><b><span style=\"color: #ff0000;\">Au cours de la fi\u00e8vre typho\u00efde, les plaques de Peyer sont \u00e9lectivement atteintes, et peuvent \u00eatre le si\u00e8ge de perforation intestinale.<\/span><\/b><\/i><\/p>\n<a href=\"https:\/\/histologie.univ-nantes.fr\/category\/le-tube-digestif\/\" class=\"su-button su-button-style-default\" style=\"color:#FFFFFF;background-color:#9a0620;border-color:#7c051a;border-radius:5px;-moz-border-radius:5px;-webkit-border-radius:5px\" target=\"_self\"><span style=\"color:#FFFFFF;padding:0px 16px;font-size:13px;line-height:26px;border-color:#b95163;border-radius:5px;-moz-border-radius:5px;-webkit-border-radius:5px;text-shadow:none;-moz-text-shadow:none;-webkit-text-shadow:none\"> &lt;&lt; LE TUBE DIGESTIF<\/span><\/a>\n","protected":false},"excerpt":{"rendered":"<p>Le duod\u00e9num<br \/>\nCoupe transversale de duod\u00e9num de chat, color\u00e9e par la m\u00e9thode de Van-Gieson\u00a0\u00a0<br \/>\nLe j\u00e9junum\u00a0<br \/>\nCoupe longitudinale de j\u00e9junum de lapin, color\u00e9e par la m\u00e9thode de Van-Gieson\u00a0\u00a0<br \/>\nL&#8217;il\u00e9on<br \/>\nCoupe transversale d&#8217;il\u00e9on de chien, color\u00e9e par la m\u00e9thode de Van-Gieson\u00a0\u00a0&hellip; <a class=\"kt-excerpt-readmore more-link\" href=\"https:\/\/histologie.univ-nantes.fr\/?p=594\">Lire la suite&#8230;<\/a><\/p>\n","protected":false},"author":2,"featured_media":568,"comment_status":"closed","ping_status":"closed","sticky":false,"template":"","format":"image","meta":[],"categories":[7],"tags":[],"_links":{"self":[{"href":"https:\/\/histologie.univ-nantes.fr\/index.php?rest_route=\/wp\/v2\/posts\/594"}],"collection":[{"href":"https:\/\/histologie.univ-nantes.fr\/index.php?rest_route=\/wp\/v2\/posts"}],"about":[{"href":"https:\/\/histologie.univ-nantes.fr\/index.php?rest_route=\/wp\/v2\/types\/post"}],"author":[{"embeddable":true,"href":"https:\/\/histologie.univ-nantes.fr\/index.php?rest_route=\/wp\/v2\/users\/2"}],"replies":[{"embeddable":true,"href":"https:\/\/histologie.univ-nantes.fr\/index.php?rest_route=%2Fwp%2Fv2%2Fcomments&post=594"}],"version-history":[{"count":20,"href":"https:\/\/histologie.univ-nantes.fr\/index.php?rest_route=\/wp\/v2\/posts\/594\/revisions"}],"predecessor-version":[{"id":2035,"href":"https:\/\/histologie.univ-nantes.fr\/index.php?rest_route=\/wp\/v2\/posts\/594\/revisions\/2035"}],"wp:featuredmedia":[{"embeddable":true,"href":"https:\/\/histologie.univ-nantes.fr\/index.php?rest_route=\/wp\/v2\/media\/568"}],"wp:attachment":[{"href":"https:\/\/histologie.univ-nantes.fr\/index.php?rest_route=%2Fwp%2Fv2%2Fmedia&parent=594"}],"wp:term":[{"taxonomy":"category","embeddable":true,"href":"https:\/\/histologie.univ-nantes.fr\/index.php?rest_route=%2Fwp%2Fv2%2Fcategories&post=594"},{"taxonomy":"post_tag","embeddable":true,"href":"https:\/\/histologie.univ-nantes.fr\/index.php?rest_route=%2Fwp%2Fv2%2Ftags&post=594"}],"curies":[{"name":"wp","href":"https:\/\/api.w.org\/{rel}","templated":true}]}}